{"id":2505,"date":"2022-03-10T09:53:20","date_gmt":"2022-03-10T09:53:20","guid":{"rendered":"https:\/\/www.cordianodagnoni.it\/?p=2505"},"modified":"2023-09-13T16:23:35","modified_gmt":"2023-09-13T16:23:35","slug":"labbraccio-dellitalia-alle-nazionali-di-ciclismo-ucraine","status":"publish","type":"post","link":"https:\/\/www.cordianodagnoni.it\/en\/2022\/03\/10\/labbraccio-dellitalia-alle-nazionali-di-ciclismo-ucraine\/","title":{"rendered":"L&#8217;abbraccio dell&#8217;Italia alle Nazionali di ciclismo ucraine"},"content":{"rendered":"<h5>Sono arrivati oggi a Roma gli atleti sorpresi dalla guerra mentre erano impegnati in un training camp in Turchia<\/h5>\n<p><strong>Roma (10 marzo 2022)\u00a0<\/strong>&#8211; Le Nazionali di ciclismo dell&#8217;Ucraina sono giunte a Roma Fiumicino accolti dai vertici della Federazione Ciclistica Italiana, nella persona del presidente federale Cordiano Dagnoni e del segretario generale Marcello Tolu, dall\u2019assessore allo sport della regione Abruzzo Guido Liris, dal sindaco dell\u2019Aquila Pierluigi Biondi e da una folta schiera di giornalisti.<\/p>\n<p>Dopo le formalit\u00e0 d&#8217;ingresso il gruppo di 20 atleti e 4 tecnici ha raggiunto l&#8217;Aquila dove resteranno fino a quando non potranno far rientro nel loro Paese.<\/p>\n<p><em>\u201cRingraziamo l\u2019Italia\u00a0<\/em>\u2013 ha detto il capo delegazione Sergiy Grechyn \u2013\u00a0<em>che ci ha offerto subito ospitalit\u00e0 in una situazione difficile per il nostro Paese. Alcuni di questi ragazzi hanno i genitori da giorni nei rifugi sotto i bombardamenti; \u00e8 un momento drammatico\u2026\u201d<\/em>. Il racconto di Sergiy prosegue non senza momenti di commozione:\u00a0<em>\u201cAbbiamo chiesto aiuto all\u2019Italia perch\u00e9 per noi il vostro Paese \u00e8 sinonimo di ciclismo; uno dei luoghi migliori dove poter continuare ad allenarci e gareggiare.&#8221;<\/em><\/p>\n<p><em>\u201cIl ciclismo italiano<\/em>\u00a0\u2013 ha ricordato il presidente Dagnoni, \u2013\u00a0<em>si mette a completa disposizione per rendere questi giorni meno amari. In questo momento non stiamo offrendo solo aiuto, ma stiamo saldando un\u2019amicizia profonda tra due Paesi. Numerose societ\u00e0 sportive mi hanno contattato per offrire la propria disponibilit\u00e0. Noi come Federazione abbiamo fatto e faremo ancora la nostra parte. Oggi abbiamo firmato una delibera che modifica, in via provvisoria e finch\u00e9 sar\u00e0 in atto l\u2019emergenza, le norme attuative, in modo da favorire la partecipazione dei ciclisti ucraini alle gare in Italia.<\/em><\/p>\n<p><em>Il nostro pensiero va al popolo ucraino, alle famiglie di questi ragazzi e a tutti coloro che stanno soffrendo per la guerra.\u201d<\/em><\/p>\n<p>Il gruppo \u00e8 giunto nel capoluogo abruzzese attorno alle ore 21. Prima di prendere possesso delle abitazioni hanno svolto tamponi e i controlli sanitari obbligatori.\u00a0<em>\u201cNon potevamo restare indifferenti alla richiesta di aiuto<\/em>\u00a0&#8211; ha detto l\u2019assessore allo sport dell&#8217;Abruzzo Guido Liris \u2013<em>\u00a0tutta la regione si \u00e8 subito mobilitata per offrire assistenza, perch\u00e9 sappiamo cosa significa non avere pi\u00f9 una casa, perdere i propri punti di riferimento, abbandonare la propria terra.&#8221;<\/em><\/p>\n<p><em>\u201cLa gente dell\u2019Aquila\u00a0<\/em>\u2013 ha aggiunto il sindaco Biondi \u2013\u00a0<em>\u00e8 pronta a fare la propria parte. Abbiamo organizzato aiuti sia per i ciclisti che per la popolazione ucraina. Oggi \u00e8 partito il primo tir di aiuti alla volta dell\u2019Ucraina.\u201d<\/em><\/p>\n<p>Ad accogliere gli atleti all\u2019Aquila c&#8217;era il presidente del Comitato regionale dell\u2019Abruzzo Mauro Marrone che, insieme alle societ\u00e0 sportive dell\u2019Aquila, ha provveduto anche ad allestire un primo ristoro dopo una lunga giornata di viaggio.<\/p>\n<p><em>Nella foto in alto, da sinistra: Volodymyr Bileka, ex ciclista ucraino che vive ormai in Italia, amico di Sergiy Grechyn con cui ha corso in passato, Francesca Monzone, bike ambassador della FCI, il sindaco dell&#8217;Aquila Pierluigi Biondi, tre atleti della Nazionale ucraina, l&#8217;Assessore allo Sport Abruzzo Guido Liris, il presidente Cordiano Dagnoni e il Segretario generale Marcello Tolu.<\/em><\/p>\n<p><em>Sotto: Sergiy Grechyn risponde alle domande della stampa<\/em><\/p>\n<p><a href=\"https:\/\/www.cordianodagnoni.it\/wp-content\/uploads\/2023\/09\/1f8d7936-cf3d-44dd-83a4-fe934714a1b7_large_p.jpg\"><img decoding=\"async\" class=\"alignnone size-full wp-image-2508\" src=\"https:\/\/www.cordianodagnoni.it\/wp-content\/uploads\/2023\/09\/1f8d7936-cf3d-44dd-83a4-fe934714a1b7_large_p.jpg\" alt=\"\" width=\"1200\" height=\"800\" srcset=\"https:\/\/www.cordianodagnoni.it\/wp-content\/uploads\/2023\/09\/1f8d7936-cf3d-44dd-83a4-fe934714a1b7_large_p-200x133.jpg 200w, https:\/\/www.cordianodagnoni.it\/wp-content\/uploads\/2023\/09\/1f8d7936-cf3d-44dd-83a4-fe934714a1b7_large_p-300x200.jpg 300w, https:\/\/www.cordianodagnoni.it\/wp-content\/uploads\/2023\/09\/1f8d7936-cf3d-44dd-83a4-fe934714a1b7_large_p-400x267.jpg 400w, https:\/\/www.cordianodagnoni.it\/wp-content\/uploads\/2023\/09\/1f8d7936-cf3d-44dd-83a4-fe934714a1b7_large_p-600x400.jpg 600w, https:\/\/www.cordianodagnoni.it\/wp-content\/uploads\/2023\/09\/1f8d7936-cf3d-44dd-83a4-fe934714a1b7_large_p-768x512.jpg 768w, https:\/\/www.cordianodagnoni.it\/wp-content\/uploads\/2023\/09\/1f8d7936-cf3d-44dd-83a4-fe934714a1b7_large_p-800x533.jpg 800w, https:\/\/www.cordianodagnoni.it\/wp-content\/uploads\/2023\/09\/1f8d7936-cf3d-44dd-83a4-fe934714a1b7_large_p-1024x683.jpg 1024w, https:\/\/www.cordianodagnoni.it\/wp-content\/uploads\/2023\/09\/1f8d7936-cf3d-44dd-83a4-fe934714a1b7_large_p.jpg 1200w\" sizes=\"(max-width: 1200px) 100vw, 1200px\" \/><\/a><\/p>\n<div class=\"video-shortcode\"><iframe title=\"Le Nazionali ucraine arrivano in Italia\" width=\"1170\" height=\"658\" src=\"https:\/\/www.youtube.com\/embed\/rgKyu5AjQ6A?feature=oembed\" frameborder=\"0\" allow=\"accelerometer; autoplay; clipboard-write; encrypted-media; gyroscope; picture-in-picture; web-share\" allowfullscreen><\/iframe><\/div>\n","protected":false},"excerpt":{"rendered":"<p>Sono arrivati oggi a Roma gli atleti sorpresi dalla guerra mentre erano impegnati in un training camp in Turchia Roma (10 marzo 2022)\u00a0&#8211; Le Nazionali di ciclismo dell&#8217;Ucraina sono giunte a Roma Fiumicino accolti dai vertici della Federazione Ciclistica Italiana, nella persona del presidente federale Cordiano Dagnoni e del segretario generale Marcello Tolu, dall\u2019assessore allo sport della regione Abruzzo Guido Liris, dal sindaco dell\u2019Aquila Pierluigi Biondi e da una folta schiera di giornalisti. Dopo le formalit\u00e0 d&#8217;ingresso il gruppo di 20 atleti e 4 tecnici ha raggiunto l&#8217;Aquila dove resteranno fino a quando non potranno far rientro nel loro Paese. [&hellip;]<\/p>\n","protected":false},"author":1,"featured_media":2506,"comment_status":"open","ping_status":"open","sticky":false,"template":"","format":"standard","meta":{"footnotes":""},"categories":[30],"tags":[],"_links":{"self":[{"href":"https:\/\/www.cordianodagnoni.it\/en\/wp-json\/wp\/v2\/posts\/2505"}],"collection":[{"href":"https:\/\/www.cordianodagnoni.it\/en\/wp-json\/wp\/v2\/posts"}],"about":[{"href":"https:\/\/www.cordianodagnoni.it\/en\/wp-json\/wp\/v2\/types\/post"}],"author":[{"embeddable":true,"href":"https:\/\/www.cordianodagnoni.it\/en\/wp-json\/wp\/v2\/users\/1"}],"replies":[{"embeddable":true,"href":"https:\/\/www.cordianodagnoni.it\/en\/wp-json\/wp\/v2\/comments?post=2505"}],"version-history":[{"count":1,"href":"https:\/\/www.cordianodagnoni.it\/en\/wp-json\/wp\/v2\/posts\/2505\/revisions"}],"predecessor-version":[{"id":2510,"href":"https:\/\/www.cordianodagnoni.it\/en\/wp-json\/wp\/v2\/posts\/2505\/revisions\/2510"}],"wp:featuredmedia":[{"embeddable":true,"href":"https:\/\/www.cordianodagnoni.it\/en\/wp-json\/wp\/v2\/media\/2506"}],"wp:attachment":[{"href":"https:\/\/www.cordianodagnoni.it\/en\/wp-json\/wp\/v2\/media?parent=2505"}],"wp:term":[{"taxonomy":"category","embeddable":true,"href":"https:\/\/www.cordianodagnoni.it\/en\/wp-json\/wp\/v2\/categories?post=2505"},{"taxonomy":"post_tag","embeddable":true,"href":"https:\/\/www.cordianodagnoni.it\/en\/wp-json\/wp\/v2\/tags?post=2505"}],"curies":[{"name":"wp","href":"https:\/\/api.w.org\/{rel}","templated":true}]}}