{"id":2497,"date":"2022-03-02T09:53:20","date_gmt":"2022-03-02T09:53:20","guid":{"rendered":"https:\/\/www.cordianodagnoni.it\/?p=2497"},"modified":"2023-09-13T16:24:15","modified_gmt":"2023-09-13T16:24:15","slug":"fci-e-regione-abruzzo-ospiteranno-gli-atleti-della-nazionale-dellucraina","status":"publish","type":"post","link":"https:\/\/www.cordianodagnoni.it\/en\/2022\/03\/02\/fci-e-regione-abruzzo-ospiteranno-gli-atleti-della-nazionale-dellucraina\/","title":{"rendered":"FCI e Regione Abruzzo ospiteranno gli atleti della Nazionale dell&#8217;Ucraina"},"content":{"rendered":"<h5>Il gruppo di 26 persone impegnate in un training camp in Turchia prima dello scoppio della guerra sar\u00e0 ospitato in Italia fino a quando potr\u00e0 far rientro in Ucraina.<\/h5>\n<p>ROMA (2 marzo 2022) &#8211; Raccogliendo l\u2019appello del Presidente del Consiglio Mario Draghi di appoggio e solidariet\u00e0 al popolo ucraino, la Federazione Ciclistica Italiana, in accordo con il sottosegretario Valentina Vezzali, e l\u2019Assessore allo Sport della regione Abruzzo Guido Liris si mobilitano a favore degli atleti delle nazionali dell\u2019Ucraina bloccati in Turchia al momento dell\u2019invasione del Paese e impossibilitate a fare ritorno in patria.<\/p>\n<p>La richiesta di aiuto del gruppo di 26 persone, tra cui 21 atleti, \u00e8 stato raccolto dalla giornalista Francesca Monzone,\u00a0<em>bike ambassador FCI<\/em>, che si \u00e8 attivata, in accordo con il presidente Dagnoni, il Segretario Tolu e il Consiglio federale, per trovare una sistemazione temporanea in Italia al gruppo, in attesa che la situazione in Ucraina migliori.<\/p>\n<p><em>\u201cLa Nazionale\u00a0<\/em>\u2013 ha raccontato Francesca Monzone \u2013\u00a0<em>era in Turchia per un training camp iniziato prima dell\u2019invasione. E\u2019 attualmente impossibilitata a rientrare, perch\u00e9 molti degli aeroporti sono ormai distrutti e perch\u00e9 \u00e8 impedito qualsiasi collegamento con il Paese.<\/em><\/p>\n<p><em>Quando la situazione \u00e8 precipitata, sono stata contatta da un tecnico della stessa, a seguito della posizione della FCI assunta sabato di vicinanza al popolo e agli sportivi ucraini. In stretto contatto con i vertici della FCI, mi sono subito attivata per trovare una sistemazione ad atleti e tecnici in Italia che gli permetta anche di continuare a svolgere la propria attivit\u00e0.\u201d<\/em><\/p>\n<p>Il presidente FCI Cordiano Dagnoni:\u00a0<em>\u201cCome ho ricordato nei giorni scorsi, non possiamo restare indifferenti in un momento come questo. Ringrazio il Consiglio federale che ha accettato con profonda sensibilit\u00e0 di mobilitarci immediatamente.\u201d<\/em><\/p>\n<p><em>\u201cRingrazio l\u2019Assessorato allo Sport della Regione Abruzzo e in particolare l\u2019assessore Guido Liris<\/em>\u00a0\u2013 ha tenuto a precisare il segretario generale Marcello Tolu \u2013\u00a0<em>che ha risposto prontamente al nostro appello, mettendosi subito a disposizione per l\u2019ospitalit\u00e0. La Federazione si occuper\u00e0 del trasferimento del gruppo dalla Turchia all\u2019Italia. Stiamo definendo le ultime pratiche perch\u00e9 questo possa avvenire nel minor tempo possibile, stante la difficile situazione internazionale.\u201d<\/em><\/p>\n<p>Fondamentale \u00e8 stata la disponibilit\u00e0 dell\u2019assessore Guido Liris e di tutto il suo ufficio, che hanno prontamente risposto alla richiesta di aiuto.\u00a0<em>\u201cL\u2019Abruzzo non poteva rimanere indifferente di fronte un dramma di tale entit\u00e0 e siamo contenti di poter accogliere questi atleti e di assisterli fino al loro rientro in Ucraina\u201d.<\/em><\/p>\n<p>Nella giornata di oggi sono arrivati i ringraziamenti della Federazione Ucraina che:\u00a0<em>&#8220;esprime la sua profonda gratitudine alla Federazione Ciclistica Italiana che fornisce assistenza alla squadra nazionale ucraina in questo tragico momento.&#8221;<\/em><\/p>\n","protected":false},"excerpt":{"rendered":"<p>Il gruppo di 26 persone impegnate in un training camp in Turchia prima dello scoppio della guerra sar\u00e0 ospitato in Italia fino a quando potr\u00e0 far rientro in Ucraina. ROMA (2 marzo 2022) &#8211; Raccogliendo l\u2019appello del Presidente del Consiglio Mario Draghi di appoggio e solidariet\u00e0 al popolo ucraino, la Federazione Ciclistica Italiana, in accordo con il sottosegretario Valentina Vezzali, e l\u2019Assessore allo Sport della regione Abruzzo Guido Liris si mobilitano a favore degli atleti delle nazionali dell\u2019Ucraina bloccati in Turchia al momento dell\u2019invasione del Paese e impossibilitate a fare ritorno in patria. La richiesta di aiuto del gruppo di [&hellip;]<\/p>\n","protected":false},"author":1,"featured_media":2498,"comment_status":"open","ping_status":"open","sticky":false,"template":"","format":"standard","meta":{"footnotes":""},"categories":[30],"tags":[],"_links":{"self":[{"href":"https:\/\/www.cordianodagnoni.it\/en\/wp-json\/wp\/v2\/posts\/2497"}],"collection":[{"href":"https:\/\/www.cordianodagnoni.it\/en\/wp-json\/wp\/v2\/posts"}],"about":[{"href":"https:\/\/www.cordianodagnoni.it\/en\/wp-json\/wp\/v2\/types\/post"}],"author":[{"embeddable":true,"href":"https:\/\/www.cordianodagnoni.it\/en\/wp-json\/wp\/v2\/users\/1"}],"replies":[{"embeddable":true,"href":"https:\/\/www.cordianodagnoni.it\/en\/wp-json\/wp\/v2\/comments?post=2497"}],"version-history":[{"count":1,"href":"https:\/\/www.cordianodagnoni.it\/en\/wp-json\/wp\/v2\/posts\/2497\/revisions"}],"predecessor-version":[{"id":2500,"href":"https:\/\/www.cordianodagnoni.it\/en\/wp-json\/wp\/v2\/posts\/2497\/revisions\/2500"}],"wp:featuredmedia":[{"embeddable":true,"href":"https:\/\/www.cordianodagnoni.it\/en\/wp-json\/wp\/v2\/media\/2498"}],"wp:attachment":[{"href":"https:\/\/www.cordianodagnoni.it\/en\/wp-json\/wp\/v2\/media?parent=2497"}],"wp:term":[{"taxonomy":"category","embeddable":true,"href":"https:\/\/www.cordianodagnoni.it\/en\/wp-json\/wp\/v2\/categories?post=2497"},{"taxonomy":"post_tag","embeddable":true,"href":"https:\/\/www.cordianodagnoni.it\/en\/wp-json\/wp\/v2\/tags?post=2497"}],"curies":[{"name":"wp","href":"https:\/\/api.w.org\/{rel}","templated":true}]}}