{"id":2408,"date":"2022-12-20T09:52:59","date_gmt":"2022-12-20T09:52:59","guid":{"rendered":"https:\/\/www.cordianodagnoni.it\/?p=2408"},"modified":"2023-09-13T16:29:03","modified_gmt":"2023-09-13T16:29:03","slug":"mizuno-vestira-le-nazionali-di-ciclismo","status":"publish","type":"post","link":"https:\/\/www.cordianodagnoni.it\/en\/2022\/12\/20\/mizuno-vestira-le-nazionali-di-ciclismo\/","title":{"rendered":"Mizuno vestir\u00e0 le Nazionali di ciclismo"},"content":{"rendered":"<h5>Sar\u00e0 il nuovo Fornitore Ufficiale di rappresentanza e riposo dopogara con abbigliamento e calzature sportive delle squadre italiane<\/h5>\n<p>La Federazione Ciclistica Italiana inizia la stagione 2023 tagliando subito un traguardo di altissimo livello: Mizuno sar\u00e0 il nuovo Fornitore Ufficiale di rappresentanza e riposo dopogara con abbigliamento e calzature sportive delle Nazionali italiane.<\/p>\n<p>L&#8217;accordo triennale si concluder\u00e0 nel 2025 e vestir\u00e0 le nazionali azzurre nel periodo di massimo impegno agonistico del pre e post Giochi olimpici di Parigi2024. Una scelta strategica pluriennale nell&#8217;affidarsi al brand giapponese fondato nel 1906 ad Osaka, come partner tecnico con alti valori di innovazione, alta tecnicit\u00e0, sostenibilit\u00e0, stile e design.<\/p>\n<p><em>&#8220;Siamo orgogliosi di &#8216;tenere a battesimo&#8217; l&#8217;ingresso di Mizuno nel mondo del ciclismo \u2013\u00a0<\/em>dichiara il\u00a0<strong>Presidente FCI Cordiano Dagnoni<\/strong><em>\u00a0\u2013 una prima volta per entrambe le parti che segna l&#8217;inizio di un nuovo percorso e di una nuova sfida. Sar\u00e0 una continua evoluzione, un viaggio che si far\u00e0 in stretta collaborazione e ringrazio l&#8217;Azienda che gi\u00e0 in questa prima fase si \u00e8 prodigata affinch\u00e9 i materiali forniti rispondessero alle nostre esigenze garantendo la qualit\u00e0 e l&#8217;eleganza per cui il brand \u00e8 conosciuto a livello mondiale&#8221;.<\/em><\/p>\n<p><em>\u201cUna partnership strategica pluriennale di altissimo livello che ci proietta in un mondo per noi nuovo ma che potr\u00e0 offrire un&#8217;ampia visibilit\u00e0 e nuove opportunit\u00e0 \u2013\u00a0<\/em>dichiara il\u00a0<strong>General Manager MIZUNO South Europe Oliver Strenghetto<\/strong><em>\u00a0&#8211; L&#8217;eccellenza di questa Federazione non potr\u00e0 far altro che aumentare reciprocamente credibilit\u00e0 e reputazione ed \u00e8 un onore vestire questi ragazzi. La nostra Mission ha come obiettivo costante supportare ogni atleta nel perseguimento dei propri obiettivi e ci auguriamo di poter essere di grande supporto a tutto lo staff della Federazione\u201d.<\/em><\/p>\n<p>Un connubio nato dalla fiducia reciproca e dal comune obiettivo di valorizzare ulteriormente lo sport del ciclismo che vedr\u00e0 quindi gli atleti vestire Mizuno durante i ritiri e nei periodi di impegno delle Nazionali nelle competizioni internazionali con un total look per abbigliamento e calzature.<\/p>\n<p><strong><em>Mizuno Corporate<\/em><\/strong><\/p>\n<p><em>Mizuno \u00e8 un&#8217;azienda produttrice di attrezzature e abbigliamento sportivo nata in Giappone nel 1906 e quotata in borsa. La filosofia aziendale \u00e8 volta a &#8220;contribuire al miglioramento la societ\u00e0 attraverso lo sviluppo dello sport e la produzione di articoli sportivi di alta qualit\u00e0.&#8221; La nostra strategia di sviluppo dei prodotti \u00e8 creare articoli con caratteristiche che ottimizzino le performance degli atleti con soluzioni originali ed esclusive Mizuno. Crediamo nello sviluppo di prodotti che funzionino in armonia con il proprio corpo, per garantire il massimo supporto e consentire cos\u00ec a ciascun atleta di dare il meglio di s\u00e9. Da oltre 30 anni Mizuno Italia ha sede a Torino, citt\u00e0 dove recentemente \u00e8 stato inaugurato il primo Flagship Store europeo Mizuno e dove viene gestito il business per tutto il South Europe.<\/em><\/p>\n","protected":false},"excerpt":{"rendered":"<p>Sar\u00e0 il nuovo Fornitore Ufficiale di rappresentanza e riposo dopogara con abbigliamento e calzature sportive delle squadre italiane La Federazione Ciclistica Italiana inizia la stagione 2023 tagliando subito un traguardo di altissimo livello: Mizuno sar\u00e0 il nuovo Fornitore Ufficiale di rappresentanza e riposo dopogara con abbigliamento e calzature sportive delle Nazionali italiane. L&#8217;accordo triennale si concluder\u00e0 nel 2025 e vestir\u00e0 le nazionali azzurre nel periodo di massimo impegno agonistico del pre e post Giochi olimpici di Parigi2024. Una scelta strategica pluriennale nell&#8217;affidarsi al brand giapponese fondato nel 1906 ad Osaka, come partner tecnico con alti valori di innovazione, alta tecnicit\u00e0, [&hellip;]<\/p>\n","protected":false},"author":1,"featured_media":2409,"comment_status":"open","ping_status":"open","sticky":false,"template":"","format":"standard","meta":{"footnotes":""},"categories":[30],"tags":[],"_links":{"self":[{"href":"https:\/\/www.cordianodagnoni.it\/en\/wp-json\/wp\/v2\/posts\/2408"}],"collection":[{"href":"https:\/\/www.cordianodagnoni.it\/en\/wp-json\/wp\/v2\/posts"}],"about":[{"href":"https:\/\/www.cordianodagnoni.it\/en\/wp-json\/wp\/v2\/types\/post"}],"author":[{"embeddable":true,"href":"https:\/\/www.cordianodagnoni.it\/en\/wp-json\/wp\/v2\/users\/1"}],"replies":[{"embeddable":true,"href":"https:\/\/www.cordianodagnoni.it\/en\/wp-json\/wp\/v2\/comments?post=2408"}],"version-history":[{"count":1,"href":"https:\/\/www.cordianodagnoni.it\/en\/wp-json\/wp\/v2\/posts\/2408\/revisions"}],"predecessor-version":[{"id":2411,"href":"https:\/\/www.cordianodagnoni.it\/en\/wp-json\/wp\/v2\/posts\/2408\/revisions\/2411"}],"wp:featuredmedia":[{"embeddable":true,"href":"https:\/\/www.cordianodagnoni.it\/en\/wp-json\/wp\/v2\/media\/2409"}],"wp:attachment":[{"href":"https:\/\/www.cordianodagnoni.it\/en\/wp-json\/wp\/v2\/media?parent=2408"}],"wp:term":[{"taxonomy":"category","embeddable":true,"href":"https:\/\/www.cordianodagnoni.it\/en\/wp-json\/wp\/v2\/categories?post=2408"},{"taxonomy":"post_tag","embeddable":true,"href":"https:\/\/www.cordianodagnoni.it\/en\/wp-json\/wp\/v2\/tags?post=2408"}],"curies":[{"name":"wp","href":"https:\/\/api.w.org\/{rel}","templated":true}]}}