{"id":2376,"date":"2022-04-08T09:48:56","date_gmt":"2022-04-08T09:48:56","guid":{"rendered":"https:\/\/www.cordianodagnoni.it\/?p=2376"},"modified":"2023-09-13T16:34:08","modified_gmt":"2023-09-13T16:34:08","slug":"maglia-azzurra-tci-nuovo-partner-della-fci","status":"publish","type":"post","link":"https:\/\/www.cordianodagnoni.it\/en\/2022\/04\/08\/maglia-azzurra-tci-nuovo-partner-della-fci\/","title":{"rendered":"Maglia azzurra: TCI nuovo partner della FCI"},"content":{"rendered":"<h5>Presentata oggi a Saronno la nuova livrea che avr\u00e0 sul fianco il marchio dell&#8217;azienda italiana leader nella produzione di componenti elettronici per l\u2019illuminazione, oltre alla presenza di Castelli ed Enervit.<\/h5>\n<div class=\"video-shortcode\"><iframe title=\"Presentazione Maglia Azzurra 2022 - Le dichiarazioni\" width=\"1170\" height=\"658\" src=\"https:\/\/www.youtube.com\/embed\/DuZm0tNjbYU?feature=oembed\" frameborder=\"0\" allow=\"accelerometer; autoplay; clipboard-write; encrypted-media; gyroscope; picture-in-picture; web-share\" allowfullscreen><\/iframe><\/div>\n<p>SARONNO (VA): TCI, azienda italiana leader nella produzione di componenti elettronici per l\u2019illuminazione e simbolo nel mondo dell\u2019innovazione e del made in Italy, sar\u00e0 presente sulla Maglia Azzurra di tutte le Nazionali della Federazione Ciclistica Italiana per i prossimi anni. Presentata oggi a Saronno la partnership e la nuova maglia, vestita per l&#8217;occasione da due modelli speciali: Martina\u00a0<strong>Fidanza<\/strong>\u00a0e Stefano\u00a0<strong>Moro<\/strong>.<\/p>\n<p><em>\u201cSono particolarmente contento di questo nuovo ingresso nella grande famiglia del ciclismo<\/em>\u00a0\u2013 ha dichiarato il presidente\u00a0<strong>Cordiano Dagnoni\u00a0<\/strong>\u2013\u00a0<em>perch\u00e9 rappresenta il primo passo verso una nuova ridefinizione della nostra Maglia Azzurra nei valori che \u00e8 in grado di esprimere. TCI \u00e8 un\u2019azienda moderna, che rappresenta l\u2019eccellenza italiana nel mondo, valori che ben si conciliano con quelli della Federazione e del ciclismo Italiano. Averla al nostro fianco, in tutti i sensi, per i prossimi anni \u00e8 per noi motivo di orgoglio\u201d.<\/em><\/p>\n<p>On.\u00a0<strong>Gianfranco Librandi<\/strong>, proprietario di Tci Telecomunicazioni:\u00a0<em>\u201c\u00c8 per me una grande soddisfazione diventare sponsor delle Nazionali italiane di ciclismo. Non esiste maglia pi\u00f9 bella di quella azzurra. Il ciclismo \u00e8 uno sport fantastico, che unisce. Sono onorato di entrare a far parte di questa squadra e sono sicuro che sar\u00e0 una bella avventura.\u201d<\/em><\/p>\n<p>Il CT della strada,\u00a0<strong>Daniele Bennati<\/strong>:<em>\u00a0\u201cE\u2019 bello tornare ad una maglia azzurra all\u2019insegna della tradizione. Auguro tante soddisfazioni a questa livrea. Da parte nostra metteremo tutte le energie per far bene. Il ciclismo italiano sta bene e speriamo di raggiungere gli obiettivi che ci siamo prefissati all&#8217;inizio di stagione.&#8221;<\/em><\/p>\n<p>Il CT della pista\u00a0<strong>Marco Villa<\/strong>.\u00a0<em>\u201cArriviamo da 5 anni in ascesa e con un 2021 in cui abbiamo raggiunto il sogno olimpico. Il gruppo \u00e8 giovane, con ottime individualit\u00e0 e non \u00e8 stanco di vincere. Porteremo in alto il nome di TCI in tutto il mondo\u201d.<\/em><\/p>\n<p>Le maglie saranno ancora griffate da\u00a0<strong>CASTELLI,<\/strong>\u00a0altro brand che ha fatto della qualit\u00e0 all\u2019insegna del made in Italy il proprio tratto distintivo, come affermato da\u00a0<strong>Alessio Cremonese:<\/strong>\u00a0\u201c<em>E\u2019 un orgoglio per tutti noi di Castelli poter presentare un\u2019altra Maglia della Federazione Ciclistica. Da anni supportiamo la FCI e cerchiamo con la nostra costante ricerca di mettere gli atleti di tutte le discipline nella miglior condizione per raggiungere sempre nuovi entusiasmanti risultati; con una grande attenzione allo stile che distingue il nostro Paese\u201d<\/em>.<\/p>\n<p><strong>Paolo Calabresi<\/strong>, Marketing Director Sport&amp;Fitness Division di\u00a0<strong>ENERVIT,<\/strong>\u00a0l\u2019altro sponsor della Maglia Azzurra:\u00a0<em>\u201cCrediamo fortemente nella Maglia Azzurra, che rappresenta l\u2019eccellenza del ciclismo italiano ed \u00e8 riconosciuta a livello internazionale. Condividiamo gli stessi valori, ed \u00e8 per questo che supporteremo le Nazionali con i nostri prodotti e con il logo sulla maglia per altri tre anni\u201d.<\/em><\/p>\n<p><a href=\"https:\/\/www.cordianodagnoni.it\/wp-content\/uploads\/2023\/09\/5bc91d07-a0a6-4d63-8716-5e235d4dd0f0_large_p.jpg\"><img decoding=\"async\" class=\"alignnone size-full wp-image-2379\" src=\"https:\/\/www.cordianodagnoni.it\/wp-content\/uploads\/2023\/09\/5bc91d07-a0a6-4d63-8716-5e235d4dd0f0_large_p.jpg\" alt=\"\" width=\"1200\" height=\"1168\" srcset=\"https:\/\/www.cordianodagnoni.it\/wp-content\/uploads\/2023\/09\/5bc91d07-a0a6-4d63-8716-5e235d4dd0f0_large_p-200x195.jpg 200w, https:\/\/www.cordianodagnoni.it\/wp-content\/uploads\/2023\/09\/5bc91d07-a0a6-4d63-8716-5e235d4dd0f0_large_p-300x292.jpg 300w, https:\/\/www.cordianodagnoni.it\/wp-content\/uploads\/2023\/09\/5bc91d07-a0a6-4d63-8716-5e235d4dd0f0_large_p-400x389.jpg 400w, https:\/\/www.cordianodagnoni.it\/wp-content\/uploads\/2023\/09\/5bc91d07-a0a6-4d63-8716-5e235d4dd0f0_large_p-600x584.jpg 600w, https:\/\/www.cordianodagnoni.it\/wp-content\/uploads\/2023\/09\/5bc91d07-a0a6-4d63-8716-5e235d4dd0f0_large_p-768x748.jpg 768w, https:\/\/www.cordianodagnoni.it\/wp-content\/uploads\/2023\/09\/5bc91d07-a0a6-4d63-8716-5e235d4dd0f0_large_p-800x779.jpg 800w, https:\/\/www.cordianodagnoni.it\/wp-content\/uploads\/2023\/09\/5bc91d07-a0a6-4d63-8716-5e235d4dd0f0_large_p-1024x997.jpg 1024w, https:\/\/www.cordianodagnoni.it\/wp-content\/uploads\/2023\/09\/5bc91d07-a0a6-4d63-8716-5e235d4dd0f0_large_p.jpg 1200w\" sizes=\"(max-width: 1200px) 100vw, 1200px\" \/><\/a><\/p>\n<p><strong>TCI PARTNER GLOBALE NELL\u2019ILLUMINAZIONE<\/strong><\/p>\n<p>TCI \u00e8 un\u2019azienda italiana conosciuta in tutto il mondo come leader nella produzione di componenti elettronici per l\u2019illuminazione. La passione per la luce dell\u2019azienda risale a 40 anni fa e si \u00e8 evoluta nel tempo mantenendo i tipici valori della tradizione italiana: qualit\u00e0 ed affidabilit\u00e0.<\/p>\n<p>TCI crede nella proattivit\u00e0 quale forza motrice del cambiamento e del miglioramento. E\u2019 una realt\u00e0 dinamica e in espansione, focalizzata sulle necessit\u00e0 del cliente e sui trend di mercato. In molti anni di attivit\u00e0, TCI ha dimostrato di essere in grado di anticipare, adattarsi ai cambiamenti di mercato e perfino guidarli, raggiungendo una dimensione globale attraverso un\u2019estesa rete di sales managers, agenti e distributori.<\/p>\n<p>TCI crede profondamente nell\u2019importanza dell\u2019innovazione. Il dipartimento R&amp;D rappresenta il motore della spinta innovatrice. Importanti investimenti vengono destinati a quest\u2019area per dotarla della pi\u00f9 sofisticata e recente apparecchiatura, al fine di rendere possibile lo sviluppo di soluzioni di primissima qualit\u00e0, basate su un solido know-how.<\/p>\n<p><a href=\"https:\/\/www.cordianodagnoni.it\/wp-content\/uploads\/2023\/09\/e59880f9-31a6-4b4b-b6e4-30b0adc9058a_large_p.jpg\"><img decoding=\"async\" class=\"alignnone size-full wp-image-2383\" src=\"https:\/\/www.cordianodagnoni.it\/wp-content\/uploads\/2023\/09\/e59880f9-31a6-4b4b-b6e4-30b0adc9058a_large_p.jpg\" alt=\"\" width=\"1200\" height=\"1687\" srcset=\"https:\/\/www.cordianodagnoni.it\/wp-content\/uploads\/2023\/09\/e59880f9-31a6-4b4b-b6e4-30b0adc9058a_large_p-200x281.jpg 200w, https:\/\/www.cordianodagnoni.it\/wp-content\/uploads\/2023\/09\/e59880f9-31a6-4b4b-b6e4-30b0adc9058a_large_p-213x300.jpg 213w, https:\/\/www.cordianodagnoni.it\/wp-content\/uploads\/2023\/09\/e59880f9-31a6-4b4b-b6e4-30b0adc9058a_large_p-400x562.jpg 400w, https:\/\/www.cordianodagnoni.it\/wp-content\/uploads\/2023\/09\/e59880f9-31a6-4b4b-b6e4-30b0adc9058a_large_p-600x844.jpg 600w, https:\/\/www.cordianodagnoni.it\/wp-content\/uploads\/2023\/09\/e59880f9-31a6-4b4b-b6e4-30b0adc9058a_large_p-728x1024.jpg 728w, https:\/\/www.cordianodagnoni.it\/wp-content\/uploads\/2023\/09\/e59880f9-31a6-4b4b-b6e4-30b0adc9058a_large_p-768x1080.jpg 768w, https:\/\/www.cordianodagnoni.it\/wp-content\/uploads\/2023\/09\/e59880f9-31a6-4b4b-b6e4-30b0adc9058a_large_p-800x1125.jpg 800w, https:\/\/www.cordianodagnoni.it\/wp-content\/uploads\/2023\/09\/e59880f9-31a6-4b4b-b6e4-30b0adc9058a_large_p-1093x1536.jpg 1093w, https:\/\/www.cordianodagnoni.it\/wp-content\/uploads\/2023\/09\/e59880f9-31a6-4b4b-b6e4-30b0adc9058a_large_p.jpg 1200w\" sizes=\"(max-width: 1200px) 100vw, 1200px\" \/><\/a><\/p>\n<p>&nbsp;<\/p>\n","protected":false},"excerpt":{"rendered":"<p>Presentata oggi a Saronno la nuova livrea che avr\u00e0 sul fianco il marchio dell&#8217;azienda italiana leader nella produzione di componenti elettronici per l\u2019illuminazione, oltre alla presenza di Castelli ed Enervit. SARONNO (VA): TCI, azienda italiana leader nella produzione di componenti elettronici per l\u2019illuminazione e simbolo nel mondo dell\u2019innovazione e del made in Italy, sar\u00e0 presente sulla Maglia Azzurra di tutte le Nazionali della Federazione Ciclistica Italiana per i prossimi anni. Presentata oggi a Saronno la partnership e la nuova maglia, vestita per l&#8217;occasione da due modelli speciali: Martina\u00a0Fidanza\u00a0e Stefano\u00a0Moro. \u201cSono particolarmente contento di questo nuovo ingresso nella grande famiglia del [&hellip;]<\/p>\n","protected":false},"author":1,"featured_media":2377,"comment_status":"open","ping_status":"open","sticky":false,"template":"","format":"standard","meta":{"footnotes":""},"categories":[30],"tags":[],"_links":{"self":[{"href":"https:\/\/www.cordianodagnoni.it\/en\/wp-json\/wp\/v2\/posts\/2376"}],"collection":[{"href":"https:\/\/www.cordianodagnoni.it\/en\/wp-json\/wp\/v2\/posts"}],"about":[{"href":"https:\/\/www.cordianodagnoni.it\/en\/wp-json\/wp\/v2\/types\/post"}],"author":[{"embeddable":true,"href":"https:\/\/www.cordianodagnoni.it\/en\/wp-json\/wp\/v2\/users\/1"}],"replies":[{"embeddable":true,"href":"https:\/\/www.cordianodagnoni.it\/en\/wp-json\/wp\/v2\/comments?post=2376"}],"version-history":[{"count":1,"href":"https:\/\/www.cordianodagnoni.it\/en\/wp-json\/wp\/v2\/posts\/2376\/revisions"}],"predecessor-version":[{"id":2385,"href":"https:\/\/www.cordianodagnoni.it\/en\/wp-json\/wp\/v2\/posts\/2376\/revisions\/2385"}],"wp:featuredmedia":[{"embeddable":true,"href":"https:\/\/www.cordianodagnoni.it\/en\/wp-json\/wp\/v2\/media\/2377"}],"wp:attachment":[{"href":"https:\/\/www.cordianodagnoni.it\/en\/wp-json\/wp\/v2\/media?parent=2376"}],"wp:term":[{"taxonomy":"category","embeddable":true,"href":"https:\/\/www.cordianodagnoni.it\/en\/wp-json\/wp\/v2\/categories?post=2376"},{"taxonomy":"post_tag","embeddable":true,"href":"https:\/\/www.cordianodagnoni.it\/en\/wp-json\/wp\/v2\/tags?post=2376"}],"curies":[{"name":"wp","href":"https:\/\/api.w.org\/{rel}","templated":true}]}}