{"id":2309,"date":"2022-08-28T09:53:00","date_gmt":"2022-08-28T09:53:00","guid":{"rendered":"https:\/\/www.cordianodagnoni.it\/?p=2309"},"modified":"2023-09-13T16:00:08","modified_gmt":"2023-09-13T16:00:08","slug":"mondiali-mtb-luca-braidot-si-prende-il-bronzo-elite","status":"publish","type":"post","link":"https:\/\/www.cordianodagnoni.it\/en\/2022\/08\/28\/mondiali-mtb-luca-braidot-si-prende-il-bronzo-elite\/","title":{"rendered":"MONDIALI MTB &#8211; Luca Braidot si prende il bronzo Elite"},"content":{"rendered":"<h5>A Les Gets arriva la terza medaglia della rassegna iridata per la Nazionale di Mirko Celestino &#8211; Titolo a Nino Schurter, argento per lo spagnolo David Valero Serrano<\/h5>\n<p><strong>Les Gets (FRA)\u00a0<\/strong>&#8211; L&#8217;Italia chiude in bellezza il\u00a0<strong>Campionato del Mondo\u00a0<\/strong>di\u00a0<strong>MTB<\/strong>\u00a0di<strong>\u00a0Les Gets<\/strong>\u00a0con un&#8217;altra splendida medaglia, quella conquistata da\u00a0<strong>Luca Braidot\u00a0<\/strong>nella prova XCO Elite. L&#8217;azzurro conquista il terzo gradino del podio arrivando al traguardo con 29&#8221; di ritardo rispetto a\u00a0<strong>Nino Schurter\u00a0<\/strong>(che oggi conquista il suo decimo titolo mondiale), confermandosi ormai tra i migliori della specialit\u00e0, lasciandosi anche alle spalle uno come Tom Pidcock.<\/p>\n<p>Medaglia d&#8217;argento per lo spagnolo\u00a0<strong>David Valero Serrano<\/strong>, al termine di un testa a testa vinto dallo svizzero che, nell&#8217;ultimo giro, dimostra ancora una volta puro talento e tantissima fame. La stessa che si legge sul volto di<strong>\u00a0Luca Braidot<\/strong>\u00a0all&#8217;arrivo:\u00a0<em>&#8220;Volevo di pi\u00f9&#8221;\u00a0<\/em>le sue parole a fine gara. E ancora:\u00a0<em>&#8220;Sono sempre stato con i primi e ho dato il massimo che avevo nelle gambe. Poi, nell\u2019ultimo giro, non ne avevo per tenere il ritmo dei primi, ho provato a rimanere li vicino, sperando che si guardassero un po\u2019, ma niente. Ad ogni modo mi tengo stretto il terzo posto mondiale, il primo risultato a questi livelli. Chiudo con<strong>\u00a0un pizzico di amaro in bocca<\/strong>\u00a0perch\u00e9 penso che fosse una buona occasione\u201d.<\/em><\/p>\n<p><strong>LA GARA \u2013<\/strong>\u00a0Partenza a razzo per Nino Schurter, che approccia in testa ogni singolo ostacolo del percorso, con un occhio al suo grande rivale Tom Pidcock, in questa occasione partito alla 55esima posizione, intruppato fra le seconde linee. Luca Braidot \u00e8 sempre l\u00ec, nel gruppetto di testa composto dallo svizzero e dallo spagnolo Serrano. Il britannico ci mette appena 3 giri per raggiungerli, piazzandosi alle loro spalle e provando anche ad attaccare. Nella seconda parte di gara paga per\u00f2 la fatica, impiantandosi letteralmente due volte di seguito nello stesso passaggio, dimostrando scarsa lucidit\u00e0. Nel frattempo, lo svizzero prova a fare la differenza in discesa e sul tecnico, ma \u00e8 sull\u2019ultima salita che dimostra che il cross country \u00e8 cosa sua, entrando per primo nel bosco e mantenendo la prima posizione fino al traguardo.<\/p>\n<p>Una prova solida, quella di Luca Braidot, risultato sempre nel gruppo dei migliori, cedendo il passo solamente nel penultimo giro. A quel punto, per\u00f2, \u00e8 riuscito a gestire nel migliore dei modi la situazione, agguantando un bellissimo bronzo che corona una stagione strepitosa. Inarrivabile e inesauribile, Schurter scrive un\u2019altra splendida pagina della sua storia da re del cross country, ottenendo il decimo titolo mondiale della sua carriera.<\/p>\n<p><em>&#8220;Con il bronzo di Luca chiudiamo in bellezza una trasferta davvero unica&#8221;<\/em>\u00a0il bilancio finale del\u00a0<strong>CT Mirko Celestino<\/strong>, che torna dalla settimana mondiale con un oro nell&#8217;XCO Under 23, un argento nel Team Relay ed un bronzo tra gli Elite. E aggiunge:\u00a0<em>&#8220;Erano 6 anni che inseguivo da CT questa maglia di campione del mondo e grazie ad Avondetto finalmente l&#8217;abbiamo portata a casa. Il mio ringraziamento va in particolare a tutto lo staff: \u00e8 una settimana che stiamo dietro a questi ragazzi, non gli abbiamo fatto mancare niente motivandoli tantissimo, e loro ci hanno ripagati in questo modo. E&#8217; un risultato di squadra&#8221;.<\/em><\/p>\n<p><strong>Valentina Vercillo<\/strong><br \/>\n<em>COMUNICAZIONE FCI<\/em><\/p>\n<p><em>(Foto Mondini)<\/em><\/p>\n","protected":false},"excerpt":{"rendered":"<p>A Les Gets arriva la terza medaglia della rassegna iridata per la Nazionale di Mirko Celestino &#8211; Titolo a Nino Schurter, argento per lo spagnolo David Valero Serrano Les Gets (FRA)\u00a0&#8211; L&#8217;Italia chiude in bellezza il\u00a0Campionato del Mondo\u00a0di\u00a0MTB\u00a0di\u00a0Les Gets\u00a0con un&#8217;altra splendida medaglia, quella conquistata da\u00a0Luca Braidot\u00a0nella prova XCO Elite. L&#8217;azzurro conquista il terzo gradino del podio arrivando al traguardo con 29&#8221; di ritardo rispetto a\u00a0Nino Schurter\u00a0(che oggi conquista il suo decimo titolo mondiale), confermandosi ormai tra i migliori della specialit\u00e0, lasciandosi anche alle spalle uno come Tom Pidcock. Medaglia d&#8217;argento per lo spagnolo\u00a0David Valero Serrano, al termine di un testa [&hellip;]<\/p>\n","protected":false},"author":1,"featured_media":2310,"comment_status":"open","ping_status":"open","sticky":false,"template":"","format":"standard","meta":{"footnotes":""},"categories":[30],"tags":[],"_links":{"self":[{"href":"https:\/\/www.cordianodagnoni.it\/en\/wp-json\/wp\/v2\/posts\/2309"}],"collection":[{"href":"https:\/\/www.cordianodagnoni.it\/en\/wp-json\/wp\/v2\/posts"}],"about":[{"href":"https:\/\/www.cordianodagnoni.it\/en\/wp-json\/wp\/v2\/types\/post"}],"author":[{"embeddable":true,"href":"https:\/\/www.cordianodagnoni.it\/en\/wp-json\/wp\/v2\/users\/1"}],"replies":[{"embeddable":true,"href":"https:\/\/www.cordianodagnoni.it\/en\/wp-json\/wp\/v2\/comments?post=2309"}],"version-history":[{"count":1,"href":"https:\/\/www.cordianodagnoni.it\/en\/wp-json\/wp\/v2\/posts\/2309\/revisions"}],"predecessor-version":[{"id":2312,"href":"https:\/\/www.cordianodagnoni.it\/en\/wp-json\/wp\/v2\/posts\/2309\/revisions\/2312"}],"wp:featuredmedia":[{"embeddable":true,"href":"https:\/\/www.cordianodagnoni.it\/en\/wp-json\/wp\/v2\/media\/2310"}],"wp:attachment":[{"href":"https:\/\/www.cordianodagnoni.it\/en\/wp-json\/wp\/v2\/media?parent=2309"}],"wp:term":[{"taxonomy":"category","embeddable":true,"href":"https:\/\/www.cordianodagnoni.it\/en\/wp-json\/wp\/v2\/categories?post=2309"},{"taxonomy":"post_tag","embeddable":true,"href":"https:\/\/www.cordianodagnoni.it\/en\/wp-json\/wp\/v2\/tags?post=2309"}],"curies":[{"name":"wp","href":"https:\/\/api.w.org\/{rel}","templated":true}]}}