{"id":2265,"date":"2022-10-14T09:53:00","date_gmt":"2022-10-14T09:53:00","guid":{"rendered":"https:\/\/www.cordianodagnoni.it\/?p=2265"},"modified":"2023-09-13T15:58:23","modified_gmt":"2023-09-13T15:58:23","slug":"sqy2022-mondiali-pista-359636-filippo-ganna-nella-storia","status":"publish","type":"post","link":"https:\/\/www.cordianodagnoni.it\/en\/2022\/10\/14\/sqy2022-mondiali-pista-359636-filippo-ganna-nella-storia\/","title":{"rendered":"#SQY2022 Mondiali Pista: 3&#8217;59&#8243;636, Filippo Ganna nella storia"},"content":{"rendered":"<h5>Quinto titolo mondiale nell&#8217;inseguimento per il piemontese che sfonda il muro dei 4&#8242; a livello del mare. Medaglia d&#8217;argento per Jonathan Milan che replica l&#8217;argento dello scorso anno. Nel chilometro 5\u00b0 Matteo Bianchi.<\/h5>\n<p><a href=\"https:\/\/www.cordianodagnoni.it\/wp-content\/uploads\/2023\/09\/84fa4257-ae4c-4cd7-84da-63cb9c229c10_large_p.jpg\"><img decoding=\"async\" class=\"alignnone size-full wp-image-2268\" src=\"https:\/\/www.cordianodagnoni.it\/wp-content\/uploads\/2023\/09\/84fa4257-ae4c-4cd7-84da-63cb9c229c10_large_p.jpg\" alt=\"\" width=\"1200\" height=\"799\" srcset=\"https:\/\/www.cordianodagnoni.it\/wp-content\/uploads\/2023\/09\/84fa4257-ae4c-4cd7-84da-63cb9c229c10_large_p-200x133.jpg 200w, https:\/\/www.cordianodagnoni.it\/wp-content\/uploads\/2023\/09\/84fa4257-ae4c-4cd7-84da-63cb9c229c10_large_p-300x200.jpg 300w, https:\/\/www.cordianodagnoni.it\/wp-content\/uploads\/2023\/09\/84fa4257-ae4c-4cd7-84da-63cb9c229c10_large_p-400x266.jpg 400w, https:\/\/www.cordianodagnoni.it\/wp-content\/uploads\/2023\/09\/84fa4257-ae4c-4cd7-84da-63cb9c229c10_large_p-600x400.jpg 600w, https:\/\/www.cordianodagnoni.it\/wp-content\/uploads\/2023\/09\/84fa4257-ae4c-4cd7-84da-63cb9c229c10_large_p-768x511.jpg 768w, https:\/\/www.cordianodagnoni.it\/wp-content\/uploads\/2023\/09\/84fa4257-ae4c-4cd7-84da-63cb9c229c10_large_p-800x533.jpg 800w, https:\/\/www.cordianodagnoni.it\/wp-content\/uploads\/2023\/09\/84fa4257-ae4c-4cd7-84da-63cb9c229c10_large_p-1024x682.jpg 1024w, https:\/\/www.cordianodagnoni.it\/wp-content\/uploads\/2023\/09\/84fa4257-ae4c-4cd7-84da-63cb9c229c10_large_p.jpg 1200w\" sizes=\"(max-width: 1200px) 100vw, 1200px\" \/><\/a><\/p>\n<p><em>(foto Bettini).<\/em><\/p>\n<p>PARIGI: Record del mondo in\u00a0<strong>3.59.636\u00a0<\/strong>e titolo di campione del mondo per\u00a0<strong>Filippo Ganna<\/strong>\u00a0questa sera al Velodromo St Quentin di Parigi. Nella finale ha battuto l&#8217;altro azzurro<strong>, Jonathan Milan,<\/strong>\u00a0in una sfida emozionante e crudele. Anche per Milan, quella di questa sera, \u00e8 stata la miglior prestazione personale di sempre con\u00a0<strong>4.03.790<\/strong>\u00a0e conferma che dietro a Pippo c&#8217;\u00e8 tanto altro.<\/p>\n<p>Un successo atteso, un record che ha sorpreso, e che arriva a pochi giorni da quello ottenuto a Grenchen sull&#8217;ora. Il piemontese ha ufficializzato solo ieri sera la sua partecipazione ed anche questa mattina, al risveglio, non sembrava essere in una delle sue migliori giornate. Evidentemente il campione sentiva l&#8217;impegno e stava cercando tutta la concentrazione necessaria per scaricare sui pedali la sua forza con un rapporto mostruoso<strong>\u00a067&#215;15.<\/strong><\/p>\n<p>Ganna ha abbassato di circa 3 decimi il record realizzato dall&#8217;americano\u00a0<strong>Ashton Lambie,\u00a0<\/strong>al quale sottrae anche il titolo mondiale che aveva conquistato nel 2021 a Roubaix proprio a sue spese. La differenza tra il record di Ganna e quello dell&#8217;americano sta tutta nei circa 2000 metri di dislivello, quelli che dividono il livello del mare di Parigi dall&#8217;altura di Aguascalientes, dove Lambie ha segnato il suo limite, nell&#8217;agosto del 2021, non in gara ma in un tentativo certificato dall&#8217;UCI.<\/p>\n<p>Il neo campione del mondo non ha mai nascosto, in questi anni, di guardare con interesse al &#8216;muro&#8217; dei 4&#8242;, ma ha sempre ritenuto fondamentale abbatterlo a livello del mare, in una gara ufficiale. L&#8217;ha fatto oggi davanti ad un pubblico che non ha mai smesso di incintarlo.<\/p>\n<p>A livello personale si tratta della 2^ medaglia in questo Mondiale, dopo l&#8217;argento nel quartetto di ieri (Ganna,\u00a0<strong>Moro, Milan, Consonni, Lamon<\/strong>), e la 6^ per l&#8217;Italia dopo quelle di\u00a0<strong>Martina Fidanza<\/strong>\u00a0(oro Scratch), Quartetto femminile (Oro\u00a0<strong>Alzini, Guazzini, Fidanza, Balsamo e Consonn<\/strong>i), Rachele Barbieri (argento eliminazione) e\u00a0<strong>Jonathan Milan<\/strong>\u00a0(argento inseguimento individuale).<\/p>\n<p><strong>DICHIARAZIONI<\/strong>: &#8220;Ho cercato di scaricare sui pedali tutta la rabbia delle critiche ricevute dai Media e sui social&#8221; &#8211; le parole di Pippo che evidentemente \u00e8 rimasto segnato dagli attacchi ricevuti dopo la crono di Wollongong. &#8220;Quella di oggi \u00e8 stata una delle giornate pi\u00f9 intense della mia carriera e pensare che, questa mattina non volevo fare l&#8217;insegumento e andare in vacanza. Ci hanno pensato i miei compagni ad incitarmi, spronandomi a provarci. Li ringrazio, loro ed il pubblico, che quando ha capito che potevo battere il record non ha lesinato il supporto&#8221; .<\/p>\n<p><strong>LA SFIDA:<\/strong>\u00a0Milan era partito molto bene e sembrava aver guadagnato un buon vantaggio che \u00e8 andato a sfiorare il secondo. Poi, nel corso dei giri \u00e8 iniziato lo spettacolo di Superpippo che ha stritolato nella sua morsa l&#8217;amico e avversario: &#8220;Sono salito in pista e la falsa partenza mi ha destabilizzato mentalmente, ma ho controllato la situazione con la respirazione&#8221;. Sulla location che nel 2024 vedr\u00e0 le Olimpiadi: &#8220;Speriamo di tornarci. E&#8217; una pista molto veloce che mi piace&#8221;.<\/p>\n<p>Sul rivale: &#8220;Ci siamo parlati promettendoci battaglia fino alla fine. Uno scontro molto bello e di alto livello che mi ha motivato. Nel primo chilometro \u00e8 stato fantastico, ma ero pronto alla battaglia. Con lui c&#8217;\u00e8 amicizia e rispetto e credo che sar\u00e0 con noi nei prossimi anni&#8221;.<\/p>\n<p>Medaglia d&#8217;oro e fasciato nella maglia iridata \u00e8 in seguito tornato a parlare della bici costruita da Fausto Pinarello per l&#8217;ora. &#8220;Speriamo di migliorarla ulteriormente. E&#8217; un mezzo fantastico, da gestrire in partenza, ma poi una volta lanciata \u00e8 velocissima, molto differente rispetto alla precedente&#8221;.<\/p>\n<p>L&#8217;azzurro parla anche dei problemi che lo hanno afflitto in questi giorni, con la schiena dolorante e ferite al soprassella. &#8220;E&#8217; stato un periodo denso e Filippo non pu\u00f2 arrivare sempre dappertutto, anche se la testa aiuta nei miracoli. Forse dovrei fare pi\u00f9 palestra, ma questo lo valuteremo in futuro, dove mi vedo pi\u00f9 concentrato sull&#8217;attivit\u00e0 su strada. Magari metter\u00f2 un paio di chili di muscoli, non penso certo da dimagrire, in salita non andr\u00f2 mai forte&#8221;.<\/p>\n<p><strong>MILAN<\/strong>: Deluso Jonathan Milan, il friulano non ha nascosto il suo disappunto iniziale, anche se, smaltita l&#8217;amarezza, ha letto pi\u00f9 attentamente il verdetto. &#8220;Ho effettuato la mia miglior prestazione ed \u00e8 un nuovo passo avanti. Stavo bene con una partenza di ritmo. Eravamo sempre vicini, ma poi a 9 giri dalla fine mi ha superato mantenendo un ritmo alto. Ci tenevo a questo mondiale e a vincere la maglia iridata. Devo guardare le cose da un altro punto di vista: 2 medaglie e un futuro da costruire&#8221;. Alla domanda sulla possibiel stanchezza di Ganna: &#8220;Lo immaginavo un po\u2019 pi\u00f9 stanco&#8221;.<\/p>\n<p>Una serata indimenticabile per<strong>\u00a0Marco Villa,<\/strong>\u00a0CT con il cuore diviso a met\u00e0: \u201cIndimenticabile \u00e8 la parola corretta. Sono felicissimo. Chiudiamo una settimana incredibile, iniziata con il record dell\u2019ora e finita con un altro record sui 4.000 metri. Sono contento per Pippo e dispiaciuto per Jonathan, che non dimentichiamo ha chiuso in 4.03\u201d, a 22 anni, e il futuro \u00e8 suo\u201d. Alcune dettagli sulla sfida: \u201cJonny \u00e8 partito forte, non per nulla gli affidiamo anche le partenze nel quartetto, ma Pippo con l\u2019esperienza ed il lavoro svolto negli anni ha saputo rimontare. Ricordo che per farlo ha dovuto battere il record del mondo\u201d.<\/p>\n<p>&nbsp;<\/p>\n<p>Presente pure il Presidente FCI,\u00a0<strong>Cordiano Dagnoni<\/strong>. &#8220;Mi aspettavo il titolo, il record invece \u00e8 una sorpresa. Complimenti a tutti&#8221;.<\/p>\n<p>In gara oggi anche\u00a0<strong>Michele Scartezzini<\/strong>\u00a0nella corsa a punti, dove ha chiuso 9\u00b0,\u00a0<strong>Elisa Balsamo\u00a0<\/strong>\u00e8 invece 10 nell&#8217;Omnium.<\/p>\n<p>In questa giornata di trionfo passa quasi in secondo piano l&#8217;ottima prova di<strong>\u00a0Matteo Bianchi,\u00a0<\/strong>nel chilometro, che in giornata aveva fatto segnare il nuovo record italiano in 59.460. C&#8217;era attesa per il 21 enni di Bolzano che era accreditato della seconda prestazione nelle qualifiche. Oro che va all&#8217;olandese Hoogland in 58.294. &#8220;Per ora pratica un altro sport&#8221; le parole dell&#8217;azzurro.<\/p>\n<p>&nbsp;<\/p>\n<p><strong>DOMANI IN GARA:\u00a0<\/strong>Miriam Vece (500m), Elia Viviani (Omnium), Guazzini e Paternoster nell&#8217;individuale, e Consonni &#8211; Barbieri (Madison).<\/p>\n<p>&nbsp;<\/p>\n<p><strong>PROGRAMMA:<\/strong><\/p>\n<p><strong>Sabato 15 Ottobre<\/strong><br \/>\n12:00-16:04<br \/>\n500 metri Donne (Qualifiche)<br \/>\nVelocit\u00e0 Uomini (Qualifiche 200 m)<br \/>\nOmnium Uomini (Scratch 10 km)<br \/>\nVelocit\u00e0 Uomini (Sedicesimi)<br \/>\nInseguimento Individuale Donne (Qualifiche)<br \/>\nVelocit\u00e0 Uomini (Ottavi)<br \/>\nOmnium Uomini (Tempo Race 10 km)<\/p>\n<p>17:30-20:50<br \/>\n500 metri Donne (Finale)<br \/>\nVelocit\u00e0 Uomini (Quarti)<br \/>\nMadison Donne (Finale)<br \/>\nOmnium Uomini (Corsa a Eliminazione)<br \/>\nVelocit\u00e0 Uomini (Quarti)<br \/>\nInseguimento Individuale Donne (Finali)<br \/>\nVelocit\u00e0 Uomini (Quarti)<br \/>\nOmnium Uomini (Finale \u2013 Corsa a punti 25 km)<\/p>\n<p><strong>Domenica 16 Ottobre<\/strong><br \/>\n12:00-12:56<br \/>\nVelocit\u00e0 Uomini (Semifinali)<br \/>\nKeirin Donne (Primo Turno)<br \/>\nVelocit\u00e0 Uomini (Semifinali)<br \/>\nKeirin Donne (Ripescaggi)<br \/>\nVelocit\u00e0 Uomini (Semifinali)<\/p>\n<p>13:30-17:02<br \/>\nCorsa a punti 25 km Donne (Finale)<br \/>\nVelocit\u00e0 Uomini (Finali)<br \/>\nKeirin Donne (Secondo Turno)<br \/>\nMadison Uomini (Finale)<br \/>\nKeirin Donne (Terzo Turno)<br \/>\nVelocit\u00e0 Uomini (Finali)<br \/>\nKeirin Donne (Finali 7-12)<br \/>\nKeirin Donne (Finali 1-6)<br \/>\nVelocit\u00e0 Uomini (Finali)<br \/>\nEliminazione Uomini (Finale)<\/p>\n<p>&nbsp;<\/p>\n<p><em>Pietro Illarietti<\/em><\/p>\n<p><a href=\"https:\/\/www.cordianodagnoni.it\/wp-content\/uploads\/2023\/09\/612a482c-8323-4a4a-8544-9e0ba6ba987e_large_p.jpg\"><img decoding=\"async\" class=\"alignnone size-full wp-image-2270\" src=\"https:\/\/www.cordianodagnoni.it\/wp-content\/uploads\/2023\/09\/612a482c-8323-4a4a-8544-9e0ba6ba987e_large_p.jpg\" alt=\"\" width=\"1200\" height=\"1801\" srcset=\"https:\/\/www.cordianodagnoni.it\/wp-content\/uploads\/2023\/09\/612a482c-8323-4a4a-8544-9e0ba6ba987e_large_p-200x300.jpg 200w, https:\/\/www.cordianodagnoni.it\/wp-content\/uploads\/2023\/09\/612a482c-8323-4a4a-8544-9e0ba6ba987e_large_p-400x600.jpg 400w, https:\/\/www.cordianodagnoni.it\/wp-content\/uploads\/2023\/09\/612a482c-8323-4a4a-8544-9e0ba6ba987e_large_p-600x901.jpg 600w, https:\/\/www.cordianodagnoni.it\/wp-content\/uploads\/2023\/09\/612a482c-8323-4a4a-8544-9e0ba6ba987e_large_p-682x1024.jpg 682w, https:\/\/www.cordianodagnoni.it\/wp-content\/uploads\/2023\/09\/612a482c-8323-4a4a-8544-9e0ba6ba987e_large_p-768x1153.jpg 768w, https:\/\/www.cordianodagnoni.it\/wp-content\/uploads\/2023\/09\/612a482c-8323-4a4a-8544-9e0ba6ba987e_large_p-800x1201.jpg 800w, https:\/\/www.cordianodagnoni.it\/wp-content\/uploads\/2023\/09\/612a482c-8323-4a4a-8544-9e0ba6ba987e_large_p-1023x1536.jpg 1023w, https:\/\/www.cordianodagnoni.it\/wp-content\/uploads\/2023\/09\/612a482c-8323-4a4a-8544-9e0ba6ba987e_large_p.jpg 1200w\" sizes=\"(max-width: 1200px) 100vw, 1200px\" \/><\/a><\/p>\n","protected":false},"excerpt":{"rendered":"<p>Quinto titolo mondiale nell&#8217;inseguimento per il piemontese che sfonda il muro dei 4&#8242; a livello del mare. Medaglia d&#8217;argento per Jonathan Milan che replica l&#8217;argento dello scorso anno. Nel chilometro 5\u00b0 Matteo Bianchi. (foto Bettini). PARIGI: Record del mondo in\u00a03.59.636\u00a0e titolo di campione del mondo per\u00a0Filippo Ganna\u00a0questa sera al Velodromo St Quentin di Parigi. Nella finale ha battuto l&#8217;altro azzurro, Jonathan Milan,\u00a0in una sfida emozionante e crudele. Anche per Milan, quella di questa sera, \u00e8 stata la miglior prestazione personale di sempre con\u00a04.03.790\u00a0e conferma che dietro a Pippo c&#8217;\u00e8 tanto altro. Un successo atteso, un record che ha sorpreso, e [&hellip;]<\/p>\n","protected":false},"author":1,"featured_media":2266,"comment_status":"open","ping_status":"open","sticky":false,"template":"","format":"standard","meta":{"footnotes":""},"categories":[30],"tags":[],"_links":{"self":[{"href":"https:\/\/www.cordianodagnoni.it\/en\/wp-json\/wp\/v2\/posts\/2265"}],"collection":[{"href":"https:\/\/www.cordianodagnoni.it\/en\/wp-json\/wp\/v2\/posts"}],"about":[{"href":"https:\/\/www.cordianodagnoni.it\/en\/wp-json\/wp\/v2\/types\/post"}],"author":[{"embeddable":true,"href":"https:\/\/www.cordianodagnoni.it\/en\/wp-json\/wp\/v2\/users\/1"}],"replies":[{"embeddable":true,"href":"https:\/\/www.cordianodagnoni.it\/en\/wp-json\/wp\/v2\/comments?post=2265"}],"version-history":[{"count":1,"href":"https:\/\/www.cordianodagnoni.it\/en\/wp-json\/wp\/v2\/posts\/2265\/revisions"}],"predecessor-version":[{"id":2272,"href":"https:\/\/www.cordianodagnoni.it\/en\/wp-json\/wp\/v2\/posts\/2265\/revisions\/2272"}],"wp:featuredmedia":[{"embeddable":true,"href":"https:\/\/www.cordianodagnoni.it\/en\/wp-json\/wp\/v2\/media\/2266"}],"wp:attachment":[{"href":"https:\/\/www.cordianodagnoni.it\/en\/wp-json\/wp\/v2\/media?parent=2265"}],"wp:term":[{"taxonomy":"category","embeddable":true,"href":"https:\/\/www.cordianodagnoni.it\/en\/wp-json\/wp\/v2\/categories?post=2265"},{"taxonomy":"post_tag","embeddable":true,"href":"https:\/\/www.cordianodagnoni.it\/en\/wp-json\/wp\/v2\/tags?post=2265"}],"curies":[{"name":"wp","href":"https:\/\/api.w.org\/{rel}","templated":true}]}}