{"id":2249,"date":"2022-01-28T09:53:21","date_gmt":"2022-01-28T09:53:21","guid":{"rendered":"https:\/\/www.cordianodagnoni.it\/?p=2249"},"modified":"2023-09-13T16:22:16","modified_gmt":"2023-09-13T16:22:16","slug":"mondiali-ciclocross-litalia-trionfa-nel-team-relay","status":"publish","type":"post","link":"https:\/\/www.cordianodagnoni.it\/en\/2022\/01\/28\/mondiali-ciclocross-litalia-trionfa-nel-team-relay\/","title":{"rendered":"MONDIALI CICLOCROSS &#8211; L&#8217;Italia trionfa nel Team Relay"},"content":{"rendered":"<h5>Gli azzurri Leone, Bramati, Persico e Toneatti dominano la prova dimostrativa di Fayetteville lasciandosi alle spalle USA e Belgio<\/h5>\n<p>L&#8217;Italia parte bene ai\u00a0<strong>Campionati Mondiali<\/strong>\u00a0di ciclocross e vince la prova Team Relay dimostrativa a Fayetteville in Arkansas.<br \/>\nSamuele Leone, Silvia Persico, Lucia Bramati e Davide Toneatti danno prova di essere un gruppo di livello, con un tempo finale di 31&#8242;, battendo di 7\u201d padroni di casa del Team USA e di 16\u201d il Belgio.<\/p>\n<p>Gli azzurri partono in terza posizione con Leone, salgono al secondo con Persico, tornano terzi con Bramati e nel finale rimontano con Toneatti.\u00a0<em>\u201cUn successo utile per il morale\u201d<\/em>\u00a0il primo commento del presidente\u00a0<strong>Cordiano Dagnoni.<\/strong><\/p>\n<p><a href=\"https:\/\/www.cordianodagnoni.it\/wp-content\/uploads\/2023\/09\/895e2cfe-c554-488a-ab83-a40b3cd0ebc4_large_p.jpg\"><img decoding=\"async\" class=\"alignnone size-full wp-image-2252\" src=\"https:\/\/www.cordianodagnoni.it\/wp-content\/uploads\/2023\/09\/895e2cfe-c554-488a-ab83-a40b3cd0ebc4_large_p.jpg\" alt=\"\" width=\"1200\" height=\"900\" srcset=\"https:\/\/www.cordianodagnoni.it\/wp-content\/uploads\/2023\/09\/895e2cfe-c554-488a-ab83-a40b3cd0ebc4_large_p-200x150.jpg 200w, https:\/\/www.cordianodagnoni.it\/wp-content\/uploads\/2023\/09\/895e2cfe-c554-488a-ab83-a40b3cd0ebc4_large_p-300x225.jpg 300w, https:\/\/www.cordianodagnoni.it\/wp-content\/uploads\/2023\/09\/895e2cfe-c554-488a-ab83-a40b3cd0ebc4_large_p-400x300.jpg 400w, https:\/\/www.cordianodagnoni.it\/wp-content\/uploads\/2023\/09\/895e2cfe-c554-488a-ab83-a40b3cd0ebc4_large_p-600x450.jpg 600w, https:\/\/www.cordianodagnoni.it\/wp-content\/uploads\/2023\/09\/895e2cfe-c554-488a-ab83-a40b3cd0ebc4_large_p-768x576.jpg 768w, https:\/\/www.cordianodagnoni.it\/wp-content\/uploads\/2023\/09\/895e2cfe-c554-488a-ab83-a40b3cd0ebc4_large_p-800x600.jpg 800w, https:\/\/www.cordianodagnoni.it\/wp-content\/uploads\/2023\/09\/895e2cfe-c554-488a-ab83-a40b3cd0ebc4_large_p-1024x768.jpg 1024w, https:\/\/www.cordianodagnoni.it\/wp-content\/uploads\/2023\/09\/895e2cfe-c554-488a-ab83-a40b3cd0ebc4_large_p.jpg 1200w\" sizes=\"(max-width: 1200px) 100vw, 1200px\" \/><\/a><\/p>\n<p>Non poteva iniziare meglio di cos\u00ec il primo Mondiale da CT di\u00a0<strong>Daniele Pontoni<\/strong>:\u00a0<em>&#8220;Non nascondo la mia felicit\u00e0. Questi ragazzi rimarranno nella storia, perch\u00e9 questa \u00e8 stata la prima volta della Team Relay nella prova iridata di ciclocross. Sono felice per tutto lo staff e per chi ha lavorato per ottenere questo risultato: le societ\u00e0, la Federazione e le persone che ci hanno permesso di arrivare fin qui. Come sapete si \u00e8 trattato di una trasferta travagliata, ma siamo qui per ottenere altri risultati cos\u00ec&#8221;.<\/em><\/p>\n<p><u><strong>Il programma (orario locale, -6 ore rispetto all&#8217;Italia)<\/strong><\/u><\/p>\n<p><strong>Sabato 29 gennaio<\/strong><br \/>\n11:00 AM &#8211; UCI Women Juniors<br \/>\n1:00 PM &#8211; UCI Men Under 23<br \/>\n2:30 PM &#8211; UCI Women Elite<\/p>\n<p><strong>Domenica 30 gennaio<\/strong><br \/>\n11:00 AM &#8211; UCI Men Juniors<br \/>\n1:00 PM &#8211; UCI Women Under 23<br \/>\n2:30 PM &#8211; UCI Men Elite<\/p>\n<h4>File Allegati<\/h4>\n<div class=\"fusion-button-wrapper\"><style type=\"text\/css\">.fusion-button.button-1 .fusion-button-text, .fusion-button.button-1 i {color:#ffffff;}.fusion-button.button-1 .fusion-button-icon-divider{border-color:#ffffff;}.fusion-button.button-1:hover .fusion-button-text, .fusion-button.button-1:hover i,.fusion-button.button-1:focus .fusion-button-text, .fusion-button.button-1:focus i,.fusion-button.button-1:active .fusion-button-text, .fusion-button.button-1:active{color:#ffffff;}.fusion-button.button-1:hover .fusion-button-icon-divider, .fusion-button.button-1:hover .fusion-button-icon-divider, .fusion-button.button-1:active .fusion-button-icon-divider{border-color:#ffffff;}.fusion-button.button-1:hover, .fusion-button.button-1:focus, .fusion-button.button-1:active{border-color:#ffffff;}.fusion-button.button-1 {border-color:#ffffff;border-radius:2px;}.fusion-button.button-1{background: #0164da;}.fusion-button.button-1:hover,.button-1:focus,.fusion-button.button-1:active{background: #0164da;}<\/style><a class=\"fusion-button button-flat fusion-button-default-size button-custom button-1 fusion-button-default-span fusion-button-default-type\" target=\"_self\" href=\"https:\/\/www.cordianodagnoni.it\/wp-content\/uploads\/2020\/09\/cro_tr_results.pdf\"><span class=\"fusion-button-text\">La Classifica<\/span><\/a><\/div>\n","protected":false},"excerpt":{"rendered":"<p>Gli azzurri Leone, Bramati, Persico e Toneatti dominano la prova dimostrativa di Fayetteville lasciandosi alle spalle USA e Belgio L&#8217;Italia parte bene ai\u00a0Campionati Mondiali\u00a0di ciclocross e vince la prova Team Relay dimostrativa a Fayetteville in Arkansas. Samuele Leone, Silvia Persico, Lucia Bramati e Davide Toneatti danno prova di essere un gruppo di livello, con un tempo finale di 31&#8242;, battendo di 7\u201d padroni di casa del Team USA e di 16\u201d il Belgio. Gli azzurri partono in terza posizione con Leone, salgono al secondo con Persico, tornano terzi con Bramati e nel finale rimontano con Toneatti.\u00a0\u201cUn successo utile per il [&hellip;]<\/p>\n","protected":false},"author":1,"featured_media":2250,"comment_status":"open","ping_status":"open","sticky":false,"template":"","format":"standard","meta":{"footnotes":""},"categories":[30],"tags":[],"_links":{"self":[{"href":"https:\/\/www.cordianodagnoni.it\/en\/wp-json\/wp\/v2\/posts\/2249"}],"collection":[{"href":"https:\/\/www.cordianodagnoni.it\/en\/wp-json\/wp\/v2\/posts"}],"about":[{"href":"https:\/\/www.cordianodagnoni.it\/en\/wp-json\/wp\/v2\/types\/post"}],"author":[{"embeddable":true,"href":"https:\/\/www.cordianodagnoni.it\/en\/wp-json\/wp\/v2\/users\/1"}],"replies":[{"embeddable":true,"href":"https:\/\/www.cordianodagnoni.it\/en\/wp-json\/wp\/v2\/comments?post=2249"}],"version-history":[{"count":2,"href":"https:\/\/www.cordianodagnoni.it\/en\/wp-json\/wp\/v2\/posts\/2249\/revisions"}],"predecessor-version":[{"id":2257,"href":"https:\/\/www.cordianodagnoni.it\/en\/wp-json\/wp\/v2\/posts\/2249\/revisions\/2257"}],"wp:featuredmedia":[{"embeddable":true,"href":"https:\/\/www.cordianodagnoni.it\/en\/wp-json\/wp\/v2\/media\/2250"}],"wp:attachment":[{"href":"https:\/\/www.cordianodagnoni.it\/en\/wp-json\/wp\/v2\/media?parent=2249"}],"wp:term":[{"taxonomy":"category","embeddable":true,"href":"https:\/\/www.cordianodagnoni.it\/en\/wp-json\/wp\/v2\/categories?post=2249"},{"taxonomy":"post_tag","embeddable":true,"href":"https:\/\/www.cordianodagnoni.it\/en\/wp-json\/wp\/v2\/tags?post=2249"}],"curies":[{"name":"wp","href":"https:\/\/api.w.org\/{rel}","templated":true}]}}