{"id":2235,"date":"2021-10-24T09:53:36","date_gmt":"2021-10-24T09:53:36","guid":{"rendered":"https:\/\/www.cordianodagnoni.it\/?p=2235"},"modified":"2023-09-13T16:20:22","modified_gmt":"2023-09-13T16:20:22","slug":"mondiali-pista-re-elia-strega-roubaix","status":"publish","type":"post","link":"https:\/\/www.cordianodagnoni.it\/en\/2021\/10\/24\/mondiali-pista-re-elia-strega-roubaix\/","title":{"rendered":"Mondiali Pista &#8211; Re Elia strega Roubaix"},"content":{"rendered":"<header class=\"headerArticle headerBig\">\n<h5>Con una prova maiuscola il veronese conquista il primo titolo mondiale nell&#8217;Eliminazione e corona una rassegna iridata ricca di medaglie per la spedizione azzurra: 10 e terzo posto nel medagliere.<\/h5>\n<\/header>\n<div class=\"contentInside\">\n<div class=\"socialShare\">\n<p>ROUBAIX (FRA) &#8211; Fantastici Mondiali di ciclismo qui a Roubaix, nella patria dei velodromi e del fango. Fantastici per l\u2019Italia che anche oggi, nell\u2019ultima giornata di gare, mette in scena il gran finale. Se l\u2019Inno di Mameli aveva aperto questa edizione con il titolo di Martina Findanza, lo ha anche chiuso grazie ad un immenso, orgoglioso, incredibile Elia\u00a0<strong>Viviani<\/strong>, campione del mondo nell\u2019Eliminazione.<\/p>\n<p><em>\u201cL\u2019Eliminazione \u00e8 una prova che mi piace\u201d<\/em>\u00a0aveva detto a inzio mondiale. Oggi il veronese ne ha dato dimostrazione, cogliendo con un sprint imperioso sul portoghese Leitao la sua prima maglia iridata. Era destino che questa arrivasse proprio nella disciplina che oggi ha fatto anche il suo ingresso ufficiale nel programma mondiale.\u00a0<em>\u201cCerto non \u00e8 l\u2019Omnium<\/em>\u00a0\u2013 ha ricordato in fase di interviste \u2013\u00a0<em>ma \u00e8 una delle pi\u00f9 spettacolari, che infiamma il pubblico e pone il pistard ad uno stress continuo\u2026\u201d.<\/em><\/p>\n<p>Cos\u00ec davanti alla propria famiglia, compresa Elena Cecchini accorsa proprio oggi per vederlo gareggiare in questo giorno di chiusura, il Capitano ha messo il sigillo su un mondiale fantastico per l\u2019Italia. Quando ormai le prime luci dello Stab Velodrome iniziano a spegnersi, il medagliere finale parla chiaro: Italia al terzo posto alle spalle di Germania e Olanda, secondo per numero complessivo di medaglie: 10. Perch\u00e9 oltre all\u2019oro di Viviani, oggi \u00e8 arrivato anche l\u2019argento di Simone Consonni e Michele Scartezzini nella Madison.<\/p>\n<p><strong>MADISON\u00a0<\/strong>&#8211; La medaglia ha un peso specifico particolare, giungendo in una disciplina olimpica. Ad inizio di questa avventura Marco Villa aveva ricordato come questa specialit\u00e0 fosse fondamentale: \u201c<em>Dobbiamo lavorare perch\u00e9 vogliamo arrivare preparati per Parigi\u2026\u201d<\/em>\u00a0Il tecnico lombardo guardava a Viviani, ma strizzava l\u2019occhio anche a Simone Consonni e Michele Scartezzini, che oggi hanno ceduto solo alla coppia danese Hansen-Morkov. Distacco, dopo 50 chilometri di grande sofferenza, di appena 4 punti. Nulla, se si pensa che la volata finale avrebbe potuto regalarci una medaglia ancora pi\u00f9 pensate.<\/p>\n<p>La gara registra, dopo neanche 20 giri, la caduta di Michele Scartezzini. Il tempo di tornare a girare in pista e la coppia azzurra lancia il proprio attacco che gli permette di conquistare punti e un giro. Salgono in testa alla classifica e amministrano il vantaggio nella prima parte di gara. Poi si scatena la bagarre, nella quale danesi e britannici provano a spaccare la corsa. Scartezzini e Consonni mostrano ottimo affiatamento e condizione. Non si lasciano scappare la caccia decisiva, quella che li catapulta, insieme alla Danimarca, ai vertici. Il resto \u00e8 un duello tra le due coppie, che si risolve solo all\u2019ultimo sprint a favore degli scandinavi.<\/p>\n<p><em>\u201cQuando finisce in questo modo non sai mai se dispiacerti per l\u2019oro mancato o gioie per la medaglia\u00a0<\/em>\u2013 confessa Simone Consonni -.\u00a0<em>Sicuramente dopo una stagione come questa, con anche il titolo iridato nell\u2019inseguimento, questo argento alla fine mi fa veramente piacere.\u201d<\/em><\/p>\n<p><strong>CORSA A PUNTI FEMMINILE<\/strong>\u00a0&#8211; Silvia Zanardi ha atteso tutta una settimana per poter scendere in pista nella corsa a punti. Al termine di una prova come sempre combattuta e con grandi protagoniste al via, taglia il traguardo esausta, con un quinto posto che non la lascia contenta:\u00a0<em>\u201cSperavo di salire sul podio e onorare al meglio questa maglia. Pensavo che una medaglia fosse alla mia portata, devo invece prendere atto che oggi le mie avversarie sono state pi\u00f9 brave di me.\u201d<\/em><\/p>\n<p>In realt\u00e0 la 21enne emiliana ha lottato con caparbiet\u00e0 e dato l\u2019impressione, in alcuni momenti, di riuscire ad agguantare una medaglia che sarebbe stata una vera impresa, visto il lotto delle avversarie. Il titolo se lo aggiudica meritatamente la belga Kopecky, assoluta protagonista della gara. Alle sue spalle la plurititolata Archibald. L\u2019altra star di questa prova, l\u2019olandese Wild, si \u00e8 dovuta accomodare sul terzo gradino del podio. Con la prova della Zanardi si \u00e8 concluso il torneo femminile. L\u2019Italia si pu\u00f2 ritenere pi\u00f9 che soddisfatta, con i titoli mondiali di Martina Fidanza e Letizia Paternoster e con l\u2019argento dell\u2019inseguimento.<\/p>\n<p><em>\u201cSi conclude un anno veramente ricco di soddisfazioni\u00a0<\/em>\u2013 ha detto Dino Salvoldi al termine \u2013\u00a0<em>e un mondiale, questo ultimo, in cui il peggior piazzamento \u00e8 un quinto posto\u201d.\u00a0<\/em>Per quanto riguarda il settore femminile l\u2019Italia torna a casa con due titoli mondiali e un argento, anch\u2019esso storico, nel quartetto. Tre metalli cos\u00ec pesanti non erano mai stati conquistati nella stessa edizione di un mondiale.<\/p>\n<p><strong>BILANCIO FINALE &#8211;<\/strong>\u00a0Mai un mondiale pista si \u00e8 concluso con un bottino cos\u00ec sontuoso per l&#8217;Italia. Abbiamo gi\u00e0 detto delle 10 medaglie, equamente suddivise tra settore femminile (oro per Paternoster e Fidanza, argento del quartetto e bronzo Balsamo nell&#8217;omnium) e maschile (oro del quartetto e Viviani, argento per Milan e Madison, bronzo per Ganna e Viviani nell&#8217;Omnium). Tante le note positive, ne citiamo solo tre, che meritano in futuro una pi\u00f9 attenta analisi: l&#8217;et\u00e0 media delle donne bassa e con ancora tanto margine di crescita; il numero di inseguitori in grado di dare continuit\u00e0 al progetto endurance; un ritrovato Viviani che pi\u00f9 passano i giorni e pi\u00f9 riacquista confidenza con la pista. Il quadriennio che porta a Parigi \u00e8 appena iniziato. Possiamo dire con il passo giusto.<\/p>\n<p><strong>Antonio Ungaro<\/strong><\/p>\n<p><em>Foto Bettini<\/em><\/p>\n<p><a href=\"https:\/\/www.cordianodagnoni.it\/wp-content\/uploads\/2023\/09\/a8667796-205a-4b47-a352-b5b6530d6c8b_large_p.jpg\"><img decoding=\"async\" class=\"alignnone size-full wp-image-2236\" src=\"https:\/\/www.cordianodagnoni.it\/wp-content\/uploads\/2023\/09\/a8667796-205a-4b47-a352-b5b6530d6c8b_large_p.jpg\" alt=\"\" width=\"1200\" height=\"799\" srcset=\"https:\/\/www.cordianodagnoni.it\/wp-content\/uploads\/2023\/09\/a8667796-205a-4b47-a352-b5b6530d6c8b_large_p-200x133.jpg 200w, https:\/\/www.cordianodagnoni.it\/wp-content\/uploads\/2023\/09\/a8667796-205a-4b47-a352-b5b6530d6c8b_large_p-300x200.jpg 300w, https:\/\/www.cordianodagnoni.it\/wp-content\/uploads\/2023\/09\/a8667796-205a-4b47-a352-b5b6530d6c8b_large_p-400x266.jpg 400w, https:\/\/www.cordianodagnoni.it\/wp-content\/uploads\/2023\/09\/a8667796-205a-4b47-a352-b5b6530d6c8b_large_p-600x400.jpg 600w, https:\/\/www.cordianodagnoni.it\/wp-content\/uploads\/2023\/09\/a8667796-205a-4b47-a352-b5b6530d6c8b_large_p-768x511.jpg 768w, https:\/\/www.cordianodagnoni.it\/wp-content\/uploads\/2023\/09\/a8667796-205a-4b47-a352-b5b6530d6c8b_large_p-800x533.jpg 800w, https:\/\/www.cordianodagnoni.it\/wp-content\/uploads\/2023\/09\/a8667796-205a-4b47-a352-b5b6530d6c8b_large_p-1024x682.jpg 1024w, https:\/\/www.cordianodagnoni.it\/wp-content\/uploads\/2023\/09\/a8667796-205a-4b47-a352-b5b6530d6c8b_large_p.jpg 1200w\" sizes=\"(max-width: 1200px) 100vw, 1200px\" \/><\/a><\/p>\n<\/div>\n<\/div>\n","protected":false},"excerpt":{"rendered":"<p>Con una prova maiuscola il veronese conquista il primo titolo mondiale nell&#8217;Eliminazione e corona una rassegna iridata ricca di medaglie per la spedizione azzurra: 10 e terzo posto nel medagliere. ROUBAIX (FRA) &#8211; Fantastici Mondiali di ciclismo qui a Roubaix, nella patria dei velodromi e del fango. Fantastici per l\u2019Italia che anche oggi, nell\u2019ultima giornata di gare, mette in scena il gran finale. Se l\u2019Inno di Mameli aveva aperto questa edizione con il titolo di Martina Findanza, lo ha anche chiuso grazie ad un immenso, orgoglioso, incredibile Elia\u00a0Viviani, campione del mondo nell\u2019Eliminazione. \u201cL\u2019Eliminazione \u00e8 una prova che mi piace\u201d\u00a0aveva detto [&hellip;]<\/p>\n","protected":false},"author":1,"featured_media":2238,"comment_status":"open","ping_status":"open","sticky":false,"template":"","format":"standard","meta":{"footnotes":""},"categories":[30],"tags":[],"_links":{"self":[{"href":"https:\/\/www.cordianodagnoni.it\/en\/wp-json\/wp\/v2\/posts\/2235"}],"collection":[{"href":"https:\/\/www.cordianodagnoni.it\/en\/wp-json\/wp\/v2\/posts"}],"about":[{"href":"https:\/\/www.cordianodagnoni.it\/en\/wp-json\/wp\/v2\/types\/post"}],"author":[{"embeddable":true,"href":"https:\/\/www.cordianodagnoni.it\/en\/wp-json\/wp\/v2\/users\/1"}],"replies":[{"embeddable":true,"href":"https:\/\/www.cordianodagnoni.it\/en\/wp-json\/wp\/v2\/comments?post=2235"}],"version-history":[{"count":1,"href":"https:\/\/www.cordianodagnoni.it\/en\/wp-json\/wp\/v2\/posts\/2235\/revisions"}],"predecessor-version":[{"id":2240,"href":"https:\/\/www.cordianodagnoni.it\/en\/wp-json\/wp\/v2\/posts\/2235\/revisions\/2240"}],"wp:featuredmedia":[{"embeddable":true,"href":"https:\/\/www.cordianodagnoni.it\/en\/wp-json\/wp\/v2\/media\/2238"}],"wp:attachment":[{"href":"https:\/\/www.cordianodagnoni.it\/en\/wp-json\/wp\/v2\/media?parent=2235"}],"wp:term":[{"taxonomy":"category","embeddable":true,"href":"https:\/\/www.cordianodagnoni.it\/en\/wp-json\/wp\/v2\/categories?post=2235"},{"taxonomy":"post_tag","embeddable":true,"href":"https:\/\/www.cordianodagnoni.it\/en\/wp-json\/wp\/v2\/tags?post=2235"}],"curies":[{"name":"wp","href":"https:\/\/api.w.org\/{rel}","templated":true}]}}